{"id":4507,"date":"2019-04-08T16:54:16","date_gmt":"2019-04-08T14:54:16","guid":{"rendered":"https:\/\/www.nsfinternational.eu\/?p=4507"},"modified":"2019-07-03T11:40:03","modified_gmt":"2019-07-03T09:40:03","slug":"nsf-international-vous-invite-a-participer-a-son-seminaire-de-printemps","status":"publish","type":"post","link":"https:\/\/www.nsfinternational.eu\/fr\/nsf-international-vous-invite-a-participer-a-son-seminaire-de-printemps\/","title":{"rendered":"NSF vous invite \u00e0 participer \u00e0 son s\u00e9minaire de printemps"},"content":{"rendered":"<div class=\"wpb-content-wrapper\"><div class=\"nolwrap\">[vc_row][vc_column][vc_column_text css=\u00a0\u00bb.vc_custom_1554735640390{margin-bottom: 0px !important;}\u00a0\u00bb]\n<h2>Notre premier s\u00e9minaire sera consacr\u00e9 aux all\u00e9gations nutritionnelles.<\/h2>\n<p>Vous avez un bon produit ? Vous souhaitez le valoriser ? Que pouvez-vous faire et ne pas faire ?<\/p>\n<p>Pour r\u00e9pondre \u00e0 ces questions, nous aborderons :<\/p>\n<ul>\n<li>La complexit\u00e9 des textes r\u00e9glementaires<\/li>\n<li>La s\u00e9lection des all\u00e9gations possibles<\/li>\n<li>Le choix des all\u00e9gations en fonction des attentes des consommateurs<\/li>\n<li>Atelier : vos cas pratiques<\/li>\n<li>Questions-r\u00e9ponses<\/li>\n<\/ul>\n[\/vc_column_text][vc_column_text css=\u00a0\u00bb.vc_custom_1554735657935{margin-bottom: 0px !important;}\u00a0\u00bb]\n<h2>Ma\u00eetrisez-vous les all\u00e9gations \/ d\u00e9clarations nutritionnelles de vos produits ?<\/h2>\n<p><img loading=\"lazy\" decoding=\"async\" class=\"alignleft wp-image-4508\" src=\"https:\/\/www.nsfinternational.eu\/wp-content\/uploads\/2019\/04\/fs_ecg_1904_e-card_workshop-food-claims_3_152x197-300x200.jpg\" alt=\"\" width=\"280\" height=\"187\" srcset=\"https:\/\/www.nsfinternational.eu\/wp-content\/uploads\/2019\/04\/fs_ecg_1904_e-card_workshop-food-claims_3_152x197-300x200.jpg 300w, https:\/\/www.nsfinternational.eu\/wp-content\/uploads\/2019\/04\/fs_ecg_1904_e-card_workshop-food-claims_3_152x197-768x512.jpg 768w, https:\/\/www.nsfinternational.eu\/wp-content\/uploads\/2019\/04\/fs_ecg_1904_e-card_workshop-food-claims_3_152x197-1024x683.jpg 1024w\" sizes=\"auto, (max-width: 280px) 100vw, 280px\" \/><\/p>\n<p>En tant que professionnel du secteur, vous \u00eates certainement inform\u00e9 des exigences l\u00e9gales li\u00e9es \u00e0 vos activit\u00e9s. Cependant,re ma\u00eetriser toutes les subtilit\u00e9s de la l\u00e9gislation n\u2019est pas une mince affaire.<\/p>\n<p>Il n\u2019est pas toujours ais\u00e9 d\u2019y voir clair entre la\u00a0<strong>r\u00e9glementation<\/strong>nationale et la r\u00e9glementation europ\u00e9enne, les\u00a0<strong>informations scientifiques\u00a0<\/strong>et les prises de position des\u00a0<strong>associations de consommateurs<\/strong>, Claudia Krebs apportera des<strong>\u00a0r\u00e9ponses \u00e0 vos questions.<\/strong>[\/vc_column_text][vc_column_text css=\u00a0\u00bb.vc_custom_1554735676102{margin-bottom: 0px !important;}\u00a0\u00bb]\n<h2>Le s\u00e9minaire sera anim\u00e9 par notre Regulatory Affairs Manager, Claudia Krebs<\/h2>\n<p><img loading=\"lazy\" decoding=\"async\" class=\"alignleft size-full wp-image-4515\" src=\"https:\/\/www.nsfinternational.eu\/wp-content\/uploads\/2019\/04\/fs_ecg_1904_e-card_workshop-food-claims_1_152x197.png\" alt=\"\" width=\"152\" height=\"197\" \/>Forte d\u2019une exp\u00e9rience de pr\u00e8s de 30 ans, Claudia Krebs analyse au quotidien les\u00a0<strong>textes r\u00e9glementaires belges et europ\u00e9ens<\/strong>.<br \/>\nElle partagera avec vous ses connaissances et ses comp\u00e9tences acquises dans ce domaine tout au long de sa carri\u00e8re dans le secteur agroalimentaire.[\/vc_column_text][vc_column_text css=\u00a0\u00bb.vc_custom_1554735768388{margin-bottom: 0px !important;}\u00a0\u00bb]\n<h2>D\u00e9couvrez l\u2019agenda et les modalit\u00e9s pratiques d\u2019inscription<\/h2>\n<p><strong>Date\u00a0<\/strong>: Jeudi 9 mai 2019 de 13h30 \u00e0 17h<br \/>\n<strong>Lieu<\/strong>\u00a0: Wavre \u2013 Avenue Pasteur 21<br \/>\n<strong>Langue<\/strong>\u00a0: Fran\u00e7ais<\/p>\n<p><a href=\"http:\/\/www.regonline.com\/WK-FoodClaims-FR\">Lien d&rsquo;inscription<\/a><a href=\"http:\/\/www.regonline.com\/WK-FoodClaims-FR\">.<\/a><\/p>\n<div>Tarif\u00a0 : 340 \u20ac HTVA<br \/>\nPaiement uniquement en ligne en lien s\u00e9curis\u00e9.<br \/>\nVotre inscription sera confirm\u00e9e \u00e0 la r\u00e9ception du paiement.<\/div>\n[\/vc_column_text][\/vc_column][\/vc_row]\n<\/div><\/div>","protected":false},"excerpt":{"rendered":"<p>Vous avez un bon produit ? Vous souhaitez le valoriser ? Que pouvez-vous faire et ne pas faire ?<\/p>\n","protected":false},"author":1,"featured_media":4548,"comment_status":"open","ping_status":"open","sticky":false,"template":"","format":"standard","meta":{"footnotes":""},"categories":[3766],"tags":[],"class_list":["post-4507","post","type-post","status-publish","format-standard","has-post-thumbnail","hentry","category-annonces-de-formation-seminaire"],"_links":{"self":[{"href":"https:\/\/www.nsfinternational.eu\/fr\/wp-json\/wp\/v2\/posts\/4507","targetHints":{"allow":["GET"]}}],"collection":[{"href":"https:\/\/www.nsfinternational.eu\/fr\/wp-json\/wp\/v2\/posts"}],"about":[{"href":"https:\/\/www.nsfinternational.eu\/fr\/wp-json\/wp\/v2\/types\/post"}],"author":[{"embeddable":true,"href":"https:\/\/www.nsfinternational.eu\/fr\/wp-json\/wp\/v2\/users\/1"}],"replies":[{"embeddable":true,"href":"https:\/\/www.nsfinternational.eu\/fr\/wp-json\/wp\/v2\/comments?post=4507"}],"version-history":[{"count":9,"href":"https:\/\/www.nsfinternational.eu\/fr\/wp-json\/wp\/v2\/posts\/4507\/revisions"}],"predecessor-version":[{"id":4544,"href":"https:\/\/www.nsfinternational.eu\/fr\/wp-json\/wp\/v2\/posts\/4507\/revisions\/4544"}],"wp:featuredmedia":[{"embeddable":true,"href":"https:\/\/www.nsfinternational.eu\/fr\/wp-json\/wp\/v2\/media\/4548"}],"wp:attachment":[{"href":"https:\/\/www.nsfinternational.eu\/fr\/wp-json\/wp\/v2\/media?parent=4507"}],"wp:term":[{"taxonomy":"category","embeddable":true,"href":"https:\/\/www.nsfinternational.eu\/fr\/wp-json\/wp\/v2\/categories?post=4507"},{"taxonomy":"post_tag","embeddable":true,"href":"https:\/\/www.nsfinternational.eu\/fr\/wp-json\/wp\/v2\/tags?post=4507"}],"curies":[{"name":"wp","href":"https:\/\/api.w.org\/{rel}","templated":true}]}}